{"id":696,"date":"2023-06-26T15:10:41","date_gmt":"2023-06-26T15:10:41","guid":{"rendered":"https:\/\/fya.org.mz\/blog\/?p=696"},"modified":"2023-06-26T15:10:41","modified_gmt":"2023-06-26T15:10:41","slug":"yassin-amuji-foundation-celebrates-international-day-of-the-elderly-by-supporting-those-in-need","status":"publish","type":"post","link":"https:\/\/www.fya.org.mz\/blog\/en\/yassin-amuji-foundation-celebrates-international-day-of-the-elderly-by-supporting-those-in-need\/","title":{"rendered":"Yassin Amuji Foundation celebrates International Day of the Elderly by supporting those in need"},"content":{"rendered":"<p>As part of the celebration of the International Day of the Elderly, an event that takes place on October 1st, the Yassin Amuji Foundation offered blankets to a family that was recently the victim of a fire, as well as to children and elderly people in the city of Xai-Xai , province of Gaza.<\/p>\n<p>According to Leonardo Chitete, delegate of the Yassin Amuji Foundation in this part of the country, these gestures aim to restore a smile and hope to these vulnerable people.<\/p>\n<p>In fact, \u201cwe know that no gesture is as important as comforting a family, bringing hope to children and returning a smile to the elderly. That&#8217;s why we, as a foundation, did our part\u201d, said the delegate.<\/p>\n<p>Elevating Communities!<br \/>\nYassin Amuji Foundation<\/p>\n","protected":false},"excerpt":{"rendered":"<p>As part of the celebration of the International Day of the Elderly,<span class=\"excerpt-more\"><\/span><\/p>\n","protected":false},"author":1,"featured_media":694,"comment_status":"open","ping_status":"open","sticky":false,"template":"","format":"standard","meta":{"footnotes":""},"categories":[29],"tags":[],"class_list":["post-696","post","type-post","status-publish","format-standard","has-post-thumbnail","hentry","category-sem-categoria-en"],"yoast_head":"<!-- This site is optimized with the Yoast SEO plugin v24.2 - https:\/\/yoast.com\/wordpress\/plugins\/seo\/ -->\n<title>Yassin Amuji Foundation celebrates International Day of the Elderly by supporting those in need | Funda\u00e7\u00e3o Yassin Amuji | Blog<\/title>\n<meta name=\"robots\" content=\"index, follow, max-snippet:-1, max-image-preview:large, max-video-preview:-1\" \/>\n<link rel=\"canonical\" href=\"https:\/\/www.fya.org.mz\/blog\/en\/yassin-amuji-foundation-celebrates-international-day-of-the-elderly-by-supporting-those-in-need\/\" \/>\n<meta property=\"og:locale\" content=\"pt_PT\" \/>\n<meta property=\"og:type\" content=\"article\" \/>\n<meta property=\"og:title\" content=\"Yassin Amuji Foundation celebrates International Day of the Elderly by supporting those in need | Funda\u00e7\u00e3o Yassin Amuji | Blog\" \/>\n<meta property=\"og:description\" content=\"As part of the celebration of the International Day of the Elderly,\" \/>\n<meta property=\"og:url\" content=\"https:\/\/www.fya.org.mz\/blog\/en\/yassin-amuji-foundation-celebrates-international-day-of-the-elderly-by-supporting-those-in-need\/\" \/>\n<meta property=\"og:site_name\" content=\"Funda\u00e7\u00e3o Yassin Amuji | Blog\" \/>\n<meta property=\"article:publisher\" content=\"https:\/\/facebook.com\/fundacaoyassinamuji\" \/>\n<meta property=\"article:published_time\" content=\"2023-06-26T15:10:41+00:00\" \/>\n<meta property=\"og:image\" content=\"https:\/\/www.fya.org.mz\/blog\/wp-content\/uploads\/2023\/06\/FUNDACAO-YASSIN-AMUJI-FESTEJA-DIA-INTERNACIONAL-DO-IDOSO-APOIANDO-OS-NECESSITADOS.jpg\" \/>\n\t<meta property=\"og:image:width\" content=\"1280\" \/>\n\t<meta property=\"og:image:height\" content=\"1280\" \/>\n\t<meta property=\"og:image:type\" content=\"image\/jpeg\" \/>\n<meta name=\"author\" content=\"admin\" \/>\n<meta name=\"twitter:card\" content=\"summary_large_image\" \/>\n<meta name=\"twitter:creator\" content=\"@fyassinamuji\" \/>\n<meta name=\"twitter:site\" content=\"@fyassinamuji\" \/>\n<meta name=\"twitter:label1\" content=\"Escrito por\" \/>\n\t<meta name=\"twitter:data1\" content=\"admin\" \/>\n\t<meta name=\"twitter:label2\" content=\"Tempo estimado de leitura\" \/>\n\t<meta name=\"twitter:data2\" content=\"1 minuto\" \/>\n<script type=\"application\/ld+json\" class=\"yoast-schema-graph\">{\"@context\":\"https:\/\/schema.org\",\"@graph\":[{\"@type\":\"Article\",\"@id\":\"https:\/\/www.fya.org.mz\/blog\/en\/yassin-amuji-foundation-celebrates-international-day-of-the-elderly-by-supporting-those-in-need\/#article\",\"isPartOf\":{\"@id\":\"https:\/\/www.fya.org.mz\/blog\/en\/yassin-amuji-foundation-celebrates-international-day-of-the-elderly-by-supporting-those-in-need\/\"},\"author\":{\"name\":\"admin\",\"@id\":\"https:\/\/www.fya.org.mz\/blog\/#\/schema\/person\/dcbd4d5869facea3c5c427e1ed189802\"},\"headline\":\"Yassin Amuji Foundation celebrates International Day of the Elderly by supporting those in need\",\"datePublished\":\"2023-06-26T15:10:41+00:00\",\"dateModified\":\"2023-06-26T15:10:41+00:00\",\"mainEntityOfPage\":{\"@id\":\"https:\/\/www.fya.org.mz\/blog\/en\/yassin-amuji-foundation-celebrates-international-day-of-the-elderly-by-supporting-those-in-need\/\"},\"wordCount\":139,\"commentCount\":0,\"publisher\":{\"@id\":\"https:\/\/www.fya.org.mz\/blog\/#organization\"},\"image\":{\"@id\":\"https:\/\/www.fya.org.mz\/blog\/en\/yassin-amuji-foundation-celebrates-international-day-of-the-elderly-by-supporting-those-in-need\/#primaryimage\"},\"thumbnailUrl\":\"https:\/\/www.fya.org.mz\/blog\/wp-content\/uploads\/2023\/06\/FUNDACAO-YASSIN-AMUJI-FESTEJA-DIA-INTERNACIONAL-DO-IDOSO-APOIANDO-OS-NECESSITADOS.jpg\",\"inLanguage\":\"pt-PT\",\"potentialAction\":[{\"@type\":\"CommentAction\",\"name\":\"Comment\",\"target\":[\"https:\/\/www.fya.org.mz\/blog\/en\/yassin-amuji-foundation-celebrates-international-day-of-the-elderly-by-supporting-those-in-need\/#respond\"]}]},{\"@type\":\"WebPage\",\"@id\":\"https:\/\/www.fya.org.mz\/blog\/en\/yassin-amuji-foundation-celebrates-international-day-of-the-elderly-by-supporting-those-in-need\/\",\"url\":\"https:\/\/www.fya.org.mz\/blog\/en\/yassin-amuji-foundation-celebrates-international-day-of-the-elderly-by-supporting-those-in-need\/\",\"name\":\"Yassin Amuji Foundation celebrates International Day of the Elderly by supporting those in need | Funda\u00e7\u00e3o Yassin Amuji | Blog\",\"isPartOf\":{\"@id\":\"https:\/\/www.fya.org.mz\/blog\/#website\"},\"primaryImageOfPage\":{\"@id\":\"https:\/\/www.fya.org.mz\/blog\/en\/yassin-amuji-foundation-celebrates-international-day-of-the-elderly-by-supporting-those-in-need\/#primaryimage\"},\"image\":{\"@id\":\"https:\/\/www.fya.org.mz\/blog\/en\/yassin-amuji-foundation-celebrates-international-day-of-the-elderly-by-supporting-those-in-need\/#primaryimage\"},\"thumbnailUrl\":\"https:\/\/www.fya.org.mz\/blog\/wp-content\/uploads\/2023\/06\/FUNDACAO-YASSIN-AMUJI-FESTEJA-DIA-INTERNACIONAL-DO-IDOSO-APOIANDO-OS-NECESSITADOS.jpg\",\"datePublished\":\"2023-06-26T15:10:41+00:00\",\"dateModified\":\"2023-06-26T15:10:41+00:00\",\"breadcrumb\":{\"@id\":\"https:\/\/www.fya.org.mz\/blog\/en\/yassin-amuji-foundation-celebrates-international-day-of-the-elderly-by-supporting-those-in-need\/#breadcrumb\"},\"inLanguage\":\"pt-PT\",\"potentialAction\":[{\"@type\":\"ReadAction\",\"target\":[\"https:\/\/www.fya.org.mz\/blog\/en\/yassin-amuji-foundation-celebrates-international-day-of-the-elderly-by-supporting-those-in-need\/\"]}]},{\"@type\":\"ImageObject\",\"inLanguage\":\"pt-PT\",\"@id\":\"https:\/\/www.fya.org.mz\/blog\/en\/yassin-amuji-foundation-celebrates-international-day-of-the-elderly-by-supporting-those-in-need\/#primaryimage\",\"url\":\"https:\/\/www.fya.org.mz\/blog\/wp-content\/uploads\/2023\/06\/FUNDACAO-YASSIN-AMUJI-FESTEJA-DIA-INTERNACIONAL-DO-IDOSO-APOIANDO-OS-NECESSITADOS.jpg\",\"contentUrl\":\"https:\/\/www.fya.org.mz\/blog\/wp-content\/uploads\/2023\/06\/FUNDACAO-YASSIN-AMUJI-FESTEJA-DIA-INTERNACIONAL-DO-IDOSO-APOIANDO-OS-NECESSITADOS.jpg\",\"width\":1280,\"height\":1280},{\"@type\":\"BreadcrumbList\",\"@id\":\"https:\/\/www.fya.org.mz\/blog\/en\/yassin-amuji-foundation-celebrates-international-day-of-the-elderly-by-supporting-those-in-need\/#breadcrumb\",\"itemListElement\":[{\"@type\":\"ListItem\",\"position\":1,\"name\":\"In\u00edcio\",\"item\":\"https:\/\/www.fya.org.mz\/blog\/\"},{\"@type\":\"ListItem\",\"position\":2,\"name\":\"Yassin Amuji Foundation celebrates International Day of the Elderly by supporting those in need\"}]},{\"@type\":\"WebSite\",\"@id\":\"https:\/\/www.fya.org.mz\/blog\/#website\",\"url\":\"https:\/\/www.fya.org.mz\/blog\/\",\"name\":\"Funda\u00e7\u00e3o Yassin Amuji | Blog\",\"description\":\"A Funda\u00e7\u00e3o Yassin Amuji \u00e9 uma organiza\u00e7\u00e3o n\u00e3o governamental mo\u00e7ambicana, sem fins lucrativos.\",\"publisher\":{\"@id\":\"https:\/\/www.fya.org.mz\/blog\/#organization\"},\"alternateName\":\"Yassin Amuji Foundation | Blog\",\"potentialAction\":[{\"@type\":\"SearchAction\",\"target\":{\"@type\":\"EntryPoint\",\"urlTemplate\":\"https:\/\/www.fya.org.mz\/blog\/?s={search_term_string}\"},\"query-input\":{\"@type\":\"PropertyValueSpecification\",\"valueRequired\":true,\"valueName\":\"search_term_string\"}}],\"inLanguage\":\"pt-PT\"},{\"@type\":\"Organization\",\"@id\":\"https:\/\/www.fya.org.mz\/blog\/#organization\",\"name\":\"Funda\u00e7\u00e3o Yassin Amuji\",\"alternateName\":\"Yassin Amuji Foundation\",\"url\":\"https:\/\/www.fya.org.mz\/blog\/\",\"logo\":{\"@type\":\"ImageObject\",\"inLanguage\":\"pt-PT\",\"@id\":\"https:\/\/www.fya.org.mz\/blog\/#\/schema\/logo\/image\/\",\"url\":\"https:\/\/www.fya.org.mz\/blog\/wp-content\/uploads\/2023\/07\/logo-1.png\",\"contentUrl\":\"https:\/\/www.fya.org.mz\/blog\/wp-content\/uploads\/2023\/07\/logo-1.png\",\"width\":186,\"height\":165,\"caption\":\"Funda\u00e7\u00e3o Yassin Amuji\"},\"image\":{\"@id\":\"https:\/\/www.fya.org.mz\/blog\/#\/schema\/logo\/image\/\"},\"sameAs\":[\"https:\/\/facebook.com\/fundacaoyassinamuji\",\"https:\/\/x.com\/fyassinamuji\",\"https:\/\/www.instagram.com\/fundacaoyassinamuji\/\",\"https:\/\/www.youtube.com\/channel\/UCOKmeXNQJyYALcSjHA5b6fQ\/\"]},{\"@type\":\"Person\",\"@id\":\"https:\/\/www.fya.org.mz\/blog\/#\/schema\/person\/dcbd4d5869facea3c5c427e1ed189802\",\"name\":\"admin\",\"image\":{\"@type\":\"ImageObject\",\"inLanguage\":\"pt-PT\",\"@id\":\"https:\/\/www.fya.org.mz\/blog\/#\/schema\/person\/image\/\",\"url\":\"https:\/\/secure.gravatar.com\/avatar\/6842a7197e278792e5a0ca66495e210754ee8bd833fa8fc31eda22036ebef245?s=96&d=mm&r=g\",\"contentUrl\":\"https:\/\/secure.gravatar.com\/avatar\/6842a7197e278792e5a0ca66495e210754ee8bd833fa8fc31eda22036ebef245?s=96&d=mm&r=g\",\"caption\":\"admin\"},\"sameAs\":[\"https:\/\/fya.org.mz\/blog\"],\"url\":\"https:\/\/www.fya.org.mz\/blog\/author\/admin\/\"}]}<\/script>\n<!-- \/ Yoast SEO plugin. -->","yoast_head_json":{"title":"Yassin Amuji Foundation celebrates International Day of the Elderly by supporting those in need | Funda\u00e7\u00e3o Yassin Amuji | Blog","robots":{"index":"index","follow":"follow","max-snippet":"max-snippet:-1","max-image-preview":"max-image-preview:large","max-video-preview":"max-video-preview:-1"},"canonical":"https:\/\/www.fya.org.mz\/blog\/en\/yassin-amuji-foundation-celebrates-international-day-of-the-elderly-by-supporting-those-in-need\/","og_locale":"pt_PT","og_type":"article","og_title":"Yassin Amuji Foundation celebrates International Day of the Elderly by supporting those in need | Funda\u00e7\u00e3o Yassin Amuji | Blog","og_description":"As part of the celebration of the International Day of the Elderly,","og_url":"https:\/\/www.fya.org.mz\/blog\/en\/yassin-amuji-foundation-celebrates-international-day-of-the-elderly-by-supporting-those-in-need\/","og_site_name":"Funda\u00e7\u00e3o Yassin Amuji | Blog","article_publisher":"https:\/\/facebook.com\/fundacaoyassinamuji","article_published_time":"2023-06-26T15:10:41+00:00","og_image":[{"width":1280,"height":1280,"url":"https:\/\/www.fya.org.mz\/blog\/wp-content\/uploads\/2023\/06\/FUNDACAO-YASSIN-AMUJI-FESTEJA-DIA-INTERNACIONAL-DO-IDOSO-APOIANDO-OS-NECESSITADOS.jpg","type":"image\/jpeg"}],"author":"admin","twitter_card":"summary_large_image","twitter_creator":"@fyassinamuji","twitter_site":"@fyassinamuji","twitter_misc":{"Escrito por":"admin","Tempo estimado de leitura":"1 minuto"},"schema":{"@context":"https:\/\/schema.org","@graph":[{"@type":"Article","@id":"https:\/\/www.fya.org.mz\/blog\/en\/yassin-amuji-foundation-celebrates-international-day-of-the-elderly-by-supporting-those-in-need\/#article","isPartOf":{"@id":"https:\/\/www.fya.org.mz\/blog\/en\/yassin-amuji-foundation-celebrates-international-day-of-the-elderly-by-supporting-those-in-need\/"},"author":{"name":"admin","@id":"https:\/\/www.fya.org.mz\/blog\/#\/schema\/person\/dcbd4d5869facea3c5c427e1ed189802"},"headline":"Yassin Amuji Foundation celebrates International Day of the Elderly by supporting those in need","datePublished":"2023-06-26T15:10:41+00:00","dateModified":"2023-06-26T15:10:41+00:00","mainEntityOfPage":{"@id":"https:\/\/www.fya.org.mz\/blog\/en\/yassin-amuji-foundation-celebrates-international-day-of-the-elderly-by-supporting-those-in-need\/"},"wordCount":139,"commentCount":0,"publisher":{"@id":"https:\/\/www.fya.org.mz\/blog\/#organization"},"image":{"@id":"https:\/\/www.fya.org.mz\/blog\/en\/yassin-amuji-foundation-celebrates-international-day-of-the-elderly-by-supporting-those-in-need\/#primaryimage"},"thumbnailUrl":"https:\/\/www.fya.org.mz\/blog\/wp-content\/uploads\/2023\/06\/FUNDACAO-YASSIN-AMUJI-FESTEJA-DIA-INTERNACIONAL-DO-IDOSO-APOIANDO-OS-NECESSITADOS.jpg","inLanguage":"pt-PT","potentialAction":[{"@type":"CommentAction","name":"Comment","target":["https:\/\/www.fya.org.mz\/blog\/en\/yassin-amuji-foundation-celebrates-international-day-of-the-elderly-by-supporting-those-in-need\/#respond"]}]},{"@type":"WebPage","@id":"https:\/\/www.fya.org.mz\/blog\/en\/yassin-amuji-foundation-celebrates-international-day-of-the-elderly-by-supporting-those-in-need\/","url":"https:\/\/www.fya.org.mz\/blog\/en\/yassin-amuji-foundation-celebrates-international-day-of-the-elderly-by-supporting-those-in-need\/","name":"Yassin Amuji Foundation celebrates International Day of the Elderly by supporting those in need | Funda\u00e7\u00e3o Yassin Amuji | Blog","isPartOf":{"@id":"https:\/\/www.fya.org.mz\/blog\/#website"},"primaryImageOfPage":{"@id":"https:\/\/www.fya.org.mz\/blog\/en\/yassin-amuji-foundation-celebrates-international-day-of-the-elderly-by-supporting-those-in-need\/#primaryimage"},"image":{"@id":"https:\/\/www.fya.org.mz\/blog\/en\/yassin-amuji-foundation-celebrates-international-day-of-the-elderly-by-supporting-those-in-need\/#primaryimage"},"thumbnailUrl":"https:\/\/www.fya.org.mz\/blog\/wp-content\/uploads\/2023\/06\/FUNDACAO-YASSIN-AMUJI-FESTEJA-DIA-INTERNACIONAL-DO-IDOSO-APOIANDO-OS-NECESSITADOS.jpg","datePublished":"2023-06-26T15:10:41+00:00","dateModified":"2023-06-26T15:10:41+00:00","breadcrumb":{"@id":"https:\/\/www.fya.org.mz\/blog\/en\/yassin-amuji-foundation-celebrates-international-day-of-the-elderly-by-supporting-those-in-need\/#breadcrumb"},"inLanguage":"pt-PT","potentialAction":[{"@type":"ReadAction","target":["https:\/\/www.fya.org.mz\/blog\/en\/yassin-amuji-foundation-celebrates-international-day-of-the-elderly-by-supporting-those-in-need\/"]}]},{"@type":"ImageObject","inLanguage":"pt-PT","@id":"https:\/\/www.fya.org.mz\/blog\/en\/yassin-amuji-foundation-celebrates-international-day-of-the-elderly-by-supporting-those-in-need\/#primaryimage","url":"https:\/\/www.fya.org.mz\/blog\/wp-content\/uploads\/2023\/06\/FUNDACAO-YASSIN-AMUJI-FESTEJA-DIA-INTERNACIONAL-DO-IDOSO-APOIANDO-OS-NECESSITADOS.jpg","contentUrl":"https:\/\/www.fya.org.mz\/blog\/wp-content\/uploads\/2023\/06\/FUNDACAO-YASSIN-AMUJI-FESTEJA-DIA-INTERNACIONAL-DO-IDOSO-APOIANDO-OS-NECESSITADOS.jpg","width":1280,"height":1280},{"@type":"BreadcrumbList","@id":"https:\/\/www.fya.org.mz\/blog\/en\/yassin-amuji-foundation-celebrates-international-day-of-the-elderly-by-supporting-those-in-need\/#breadcrumb","itemListElement":[{"@type":"ListItem","position":1,"name":"In\u00edcio","item":"https:\/\/www.fya.org.mz\/blog\/"},{"@type":"ListItem","position":2,"name":"Yassin Amuji Foundation celebrates International Day of the Elderly by supporting those in need"}]},{"@type":"WebSite","@id":"https:\/\/www.fya.org.mz\/blog\/#website","url":"https:\/\/www.fya.org.mz\/blog\/","name":"Funda\u00e7\u00e3o Yassin Amuji | Blog","description":"A Funda\u00e7\u00e3o Yassin Amuji \u00e9 uma organiza\u00e7\u00e3o n\u00e3o governamental mo\u00e7ambicana, sem fins lucrativos.","publisher":{"@id":"https:\/\/www.fya.org.mz\/blog\/#organization"},"alternateName":"Yassin Amuji Foundation | Blog","potentialAction":[{"@type":"SearchAction","target":{"@type":"EntryPoint","urlTemplate":"https:\/\/www.fya.org.mz\/blog\/?s={search_term_string}"},"query-input":{"@type":"PropertyValueSpecification","valueRequired":true,"valueName":"search_term_string"}}],"inLanguage":"pt-PT"},{"@type":"Organization","@id":"https:\/\/www.fya.org.mz\/blog\/#organization","name":"Funda\u00e7\u00e3o Yassin Amuji","alternateName":"Yassin Amuji Foundation","url":"https:\/\/www.fya.org.mz\/blog\/","logo":{"@type":"ImageObject","inLanguage":"pt-PT","@id":"https:\/\/www.fya.org.mz\/blog\/#\/schema\/logo\/image\/","url":"https:\/\/www.fya.org.mz\/blog\/wp-content\/uploads\/2023\/07\/logo-1.png","contentUrl":"https:\/\/www.fya.org.mz\/blog\/wp-content\/uploads\/2023\/07\/logo-1.png","width":186,"height":165,"caption":"Funda\u00e7\u00e3o Yassin Amuji"},"image":{"@id":"https:\/\/www.fya.org.mz\/blog\/#\/schema\/logo\/image\/"},"sameAs":["https:\/\/facebook.com\/fundacaoyassinamuji","https:\/\/x.com\/fyassinamuji","https:\/\/www.instagram.com\/fundacaoyassinamuji\/","https:\/\/www.youtube.com\/channel\/UCOKmeXNQJyYALcSjHA5b6fQ\/"]},{"@type":"Person","@id":"https:\/\/www.fya.org.mz\/blog\/#\/schema\/person\/dcbd4d5869facea3c5c427e1ed189802","name":"admin","image":{"@type":"ImageObject","inLanguage":"pt-PT","@id":"https:\/\/www.fya.org.mz\/blog\/#\/schema\/person\/image\/","url":"https:\/\/secure.gravatar.com\/avatar\/6842a7197e278792e5a0ca66495e210754ee8bd833fa8fc31eda22036ebef245?s=96&d=mm&r=g","contentUrl":"https:\/\/secure.gravatar.com\/avatar\/6842a7197e278792e5a0ca66495e210754ee8bd833fa8fc31eda22036ebef245?s=96&d=mm&r=g","caption":"admin"},"sameAs":["https:\/\/fya.org.mz\/blog"],"url":"https:\/\/www.fya.org.mz\/blog\/author\/admin\/"}]}},"_links":{"self":[{"href":"https:\/\/www.fya.org.mz\/blog\/wp-json\/wp\/v2\/posts\/696","targetHints":{"allow":["GET"]}}],"collection":[{"href":"https:\/\/www.fya.org.mz\/blog\/wp-json\/wp\/v2\/posts"}],"about":[{"href":"https:\/\/www.fya.org.mz\/blog\/wp-json\/wp\/v2\/types\/post"}],"author":[{"embeddable":true,"href":"https:\/\/www.fya.org.mz\/blog\/wp-json\/wp\/v2\/users\/1"}],"replies":[{"embeddable":true,"href":"https:\/\/www.fya.org.mz\/blog\/wp-json\/wp\/v2\/comments?post=696"}],"version-history":[{"count":1,"href":"https:\/\/www.fya.org.mz\/blog\/wp-json\/wp\/v2\/posts\/696\/revisions"}],"predecessor-version":[{"id":697,"href":"https:\/\/www.fya.org.mz\/blog\/wp-json\/wp\/v2\/posts\/696\/revisions\/697"}],"wp:featuredmedia":[{"embeddable":true,"href":"https:\/\/www.fya.org.mz\/blog\/wp-json\/wp\/v2\/media\/694"}],"wp:attachment":[{"href":"https:\/\/www.fya.org.mz\/blog\/wp-json\/wp\/v2\/media?parent=696"}],"wp:term":[{"taxonomy":"category","embeddable":true,"href":"https:\/\/www.fya.org.mz\/blog\/wp-json\/wp\/v2\/categories?post=696"},{"taxonomy":"post_tag","embeddable":true,"href":"https:\/\/www.fya.org.mz\/blog\/wp-json\/wp\/v2\/tags?post=696"}],"curies":[{"name":"wp","href":"https:\/\/api.w.org\/{rel}","templated":true}]}}